{"id":3744,"date":"2024-11-07T15:32:07","date_gmt":"2024-11-07T14:32:07","guid":{"rendered":"https:\/\/farell-i.com\/conference-chronique-de-lirrigation\/"},"modified":"2024-11-07T15:32:07","modified_gmt":"2024-11-07T14:32:07","slug":"conference-chronique-de-lirrigation","status":"publish","type":"post","link":"https:\/\/farell-i.com\/fr\/conference-chronique-de-lirrigation\/","title":{"rendered":"Conf\u00e9rence \u201cChronique de l\u2019irrigation\u201d"},"content":{"rendered":"<p style=\"font-weight: 400;\">La conf\u00e9rence <b><strong>\u201cChronique de l&#8217;irrigation\u201d<\/strong><\/b>, organis\u00e9e par <b><strong>POR<\/strong><\/b>AGUA et tenue dans la municipalit\u00e9 de Carri\u00f3n de los Condes, a r\u00e9uni ce mercredi des agriculteurs, des techniciens et des experts du secteur de l&#8217;eau et de l&#8217;agriculture pour analyser les d\u00e9fis et les opportunit\u00e9s auxquels est confront\u00e9e l&#8217;irrigation en Espagne. En mettant l&#8217;accent sur la durabilit\u00e9, l&#8217;innovation technologique et l&#8217;adaptation aux changements climatiques, l&#8217;\u00e9v\u00e9nement cherchait \u00e0 fournir une plate-forme d&#8217;\u00e9change de connaissances et d&#8217;exp\u00e9riences. <\/p>\n<p style=\"font-weight: 400;\">La journ\u00e9e a commenc\u00e9 par une pr\u00e9sentation d&#8217;ouverture par des repr\u00e9sentants de l&#8217;administration locale et r\u00e9gionale, qui ont soulign\u00e9 l&#8217;importance d&#8217;une gestion efficace de l&#8217;eau dans une communaut\u00e9 agricole. Ensuite, plusieurs tables rondes ont \u00e9t\u00e9 organis\u00e9es au cours desquelles des sujets cl\u00e9s ont \u00e9t\u00e9 abord\u00e9s tels que la modernisation des infrastructures d&#8217;irrigation, l&#8217;efficacit\u00e9 \u00e9nerg\u00e9tique et les alternatives technologiques pour optimiser l&#8217;utilisation des ressources en eau. <\/p>\n<p style=\"font-weight: 400;\">Au cours de l&#8217;\u00e9v\u00e9nement, les d\u00e9fis climatiques qui affectent la r\u00e9gion et la mani\u00e8re dont la p\u00e9nurie d&#8217;eau oblige \u00e0 un changement dans les syst\u00e8mes agricoles traditionnels ont \u00e9galement \u00e9t\u00e9 \u00e9voqu\u00e9s. Les experts en m\u00e9t\u00e9orologie agricole ont partag\u00e9 leurs pr\u00e9visions sur l&#8217;impact du changement climatique sur les saisons de plantation et les besoins en eau, suscitant un d\u00e9bat sur la n\u00e9cessit\u00e9 de strat\u00e9gies d&#8217;adaptation et de politiques de soutien aux agriculteurs. <\/p>\n<p style=\"font-weight: 400;\">En fin de journ\u00e9e, les participants ont particip\u00e9 \u00e0 une table de dialogue o\u00f9 ont \u00e9t\u00e9 \u00e9chang\u00e9s des id\u00e9es sur la gestion conjointe des ressources en eau et l&#8217;accent a \u00e9t\u00e9 mis sur la collaboration entre les administrations, les agriculteurs et les organisations sectorielles pour faire face aux d\u00e9fis de l&#8217;irrigation. La journ\u00e9e s&#8217;est termin\u00e9e par un engagement collectif \u00e0 rechercher des solutions innovantes et durables pour assurer l&#8217;avenir de l&#8217;irrigation dans la r\u00e9gion. <\/p>\n<p style=\"font-weight: 400;\">La \u201c<strong><b>Cr\u00f3nica del Regad\u00edo<\/b><\/strong>\u201d s\u2019est termin\u00e9e sur un bilan positif et a laiss\u00e9 un message clair : l\u2019irrigation est un moteur essentiel du d\u00e9veloppement rural, et son adaptation \u00e0 l\u2019\u00e9poque actuelle n\u00e9cessite une coop\u00e9ration, une innovation et des politiques publiques engag\u00e9es en faveur de l\u2019environnement.<\/p>\n","protected":false},"excerpt":{"rendered":"<p>PORAGUA rassemble des agriculteurs et des experts \u00e0 Carri\u00f3n de los Condes lors de l&#8217;\u00e9v\u00e9nement \u201cChronique de l&#8217;irrigation\u201c, pour d\u00e9battre de l&#8217;avenir de l&#8217;eau dans le secteur agricole.<\/p>\n","protected":false},"author":1,"featured_media":3741,"comment_status":"closed","ping_status":"closed","sticky":false,"template":"","format":"standard","meta":{"footnotes":""},"categories":[22],"tags":[],"class_list":["post-3744","post","type-post","status-publish","format-standard","has-post-thumbnail","hentry","category-actualites"],"_links":{"self":[{"href":"https:\/\/farell-i.com\/fr\/wp-json\/wp\/v2\/posts\/3744","targetHints":{"allow":["GET"]}}],"collection":[{"href":"https:\/\/farell-i.com\/fr\/wp-json\/wp\/v2\/posts"}],"about":[{"href":"https:\/\/farell-i.com\/fr\/wp-json\/wp\/v2\/types\/post"}],"author":[{"embeddable":true,"href":"https:\/\/farell-i.com\/fr\/wp-json\/wp\/v2\/users\/1"}],"replies":[{"embeddable":true,"href":"https:\/\/farell-i.com\/fr\/wp-json\/wp\/v2\/comments?post=3744"}],"version-history":[{"count":0,"href":"https:\/\/farell-i.com\/fr\/wp-json\/wp\/v2\/posts\/3744\/revisions"}],"wp:featuredmedia":[{"embeddable":true,"href":"https:\/\/farell-i.com\/fr\/wp-json\/wp\/v2\/media\/3741"}],"wp:attachment":[{"href":"https:\/\/farell-i.com\/fr\/wp-json\/wp\/v2\/media?parent=3744"}],"wp:term":[{"taxonomy":"category","embeddable":true,"href":"https:\/\/farell-i.com\/fr\/wp-json\/wp\/v2\/categories?post=3744"},{"taxonomy":"post_tag","embeddable":true,"href":"https:\/\/farell-i.com\/fr\/wp-json\/wp\/v2\/tags?post=3744"}],"curies":[{"name":"wp","href":"https:\/\/api.w.org\/{rel}","templated":true}]}}