{"id":1747,"date":"2024-08-01T11:37:29","date_gmt":"2024-08-01T09:37:29","guid":{"rendered":"https:\/\/devel.farell-i.com\/?p=1747"},"modified":"2024-10-16T12:43:02","modified_gmt":"2024-10-16T10:43:02","slug":"journee-de-la-dette-ecologique","status":"publish","type":"post","link":"https:\/\/farell-i.com\/fr\/journee-de-la-dette-ecologique\/","title":{"rendered":"Journ\u00e9e de la Dette \u00c9cologique"},"content":{"rendered":"<p style=\"font-weight: 400;\">Le <b><strong>Earth Overshoot Day<\/strong><\/b> est la date calendaire illustrative calcul\u00e9e \u00e0 laquelle la <b><strong>consommation de ressources<\/strong><\/b> de l&#8217;humanit\u00e9 au cours de l&#8217;ann\u00e9e <b><strong>d\u00e9passe la capacit\u00e9 de la Terre <\/strong><\/b><b><strong>\u00e0 r\u00e9g\u00e9n\u00e9rer ces ressources<\/strong><\/b> cette ann\u00e9e-l\u00e0. Le terme \u00ab exc\u00e9dent \u00bb repr\u00e9sente le niveau auquel la demande de la population humaine d\u00e9passe la quantit\u00e9 durable de ressources biologiques r\u00e9g\u00e9n\u00e9r\u00e9es sur Terre. D&#8217;un point de vue \u00e9conomique, le <b><strong>Earth Overshoot Day<\/strong><\/b> repr\u00e9sente le jour o\u00f9 le budget annuel de r\u00e9g\u00e9n\u00e9ration de la plan\u00e8te est d\u00e9pens\u00e9 et o\u00f9 l&#8217;humanit\u00e9 entre dans un d\u00e9ficit environnemental.  <\/p>\n<p style=\"font-weight: 400;\">Depuis les ann\u00e9es 1970, l&#8217;empreinte \u00e9cologique de l&#8217;humanit\u00e9 et la biocapacit\u00e9 de la Terre ont diverg\u00e9 \u00e0 tel point <b><strong>que les ressources de la plan\u00e8te ne nous suffisent plus que jusqu&#8217;au d\u00e9but du mois d&#8217;ao\u00fbt<\/strong><\/b>.<\/p>\n<p style=\"font-weight: 400;\">Le <b><strong>Earth Overshoot Day<\/strong><\/b> est calcul\u00e9 par le <b><strong>Global Footprint Network<\/strong><\/b> et est une campagne soutenue par des dizaines d&#8217;autres organisations \u00e0 but non lucratif.<\/p>\n<p style=\"font-weight: 400;\">L&#8217;implication active de <b><strong>FARELL INSTRUMENTS<\/strong><\/b> pour concevoir et fabriquer une technologie capable de fournir des solutions qui contribuent \u00e0 <b><strong>promouvoir la durabilit\u00e9 et \u00e0 r\u00e9duire la dette \u00e9cologique<\/strong><\/b>.<\/p>\n","protected":false},"excerpt":{"rendered":"<p>\u00c0 l&#8217;occasion du Earth Overshoot Day, jour o\u00f9 nous avons \u00e9puis\u00e9 les ressources que la Terre peut r\u00e9g\u00e9n\u00e9rer en un an, nous restons d\u00e9termin\u00e9s \u00e0 changer cette r\u00e9alit\u00e9.<\/p>\n","protected":false},"author":1,"featured_media":1750,"comment_status":"closed","ping_status":"closed","sticky":false,"template":"","format":"standard","meta":{"footnotes":""},"categories":[22],"tags":[],"class_list":["post-1747","post","type-post","status-publish","format-standard","has-post-thumbnail","hentry","category-actualites"],"_links":{"self":[{"href":"https:\/\/farell-i.com\/fr\/wp-json\/wp\/v2\/posts\/1747","targetHints":{"allow":["GET"]}}],"collection":[{"href":"https:\/\/farell-i.com\/fr\/wp-json\/wp\/v2\/posts"}],"about":[{"href":"https:\/\/farell-i.com\/fr\/wp-json\/wp\/v2\/types\/post"}],"author":[{"embeddable":true,"href":"https:\/\/farell-i.com\/fr\/wp-json\/wp\/v2\/users\/1"}],"replies":[{"embeddable":true,"href":"https:\/\/farell-i.com\/fr\/wp-json\/wp\/v2\/comments?post=1747"}],"version-history":[{"count":1,"href":"https:\/\/farell-i.com\/fr\/wp-json\/wp\/v2\/posts\/1747\/revisions"}],"predecessor-version":[{"id":2197,"href":"https:\/\/farell-i.com\/fr\/wp-json\/wp\/v2\/posts\/1747\/revisions\/2197"}],"wp:featuredmedia":[{"embeddable":true,"href":"https:\/\/farell-i.com\/fr\/wp-json\/wp\/v2\/media\/1750"}],"wp:attachment":[{"href":"https:\/\/farell-i.com\/fr\/wp-json\/wp\/v2\/media?parent=1747"}],"wp:term":[{"taxonomy":"category","embeddable":true,"href":"https:\/\/farell-i.com\/fr\/wp-json\/wp\/v2\/categories?post=1747"},{"taxonomy":"post_tag","embeddable":true,"href":"https:\/\/farell-i.com\/fr\/wp-json\/wp\/v2\/tags?post=1747"}],"curies":[{"name":"wp","href":"https:\/\/api.w.org\/{rel}","templated":true}]}}