{"id":5314,"date":"2025-08-07T14:40:44","date_gmt":"2025-08-07T12:40:44","guid":{"rendered":"https:\/\/farell-i.com\/?p=5314"},"modified":"2026-02-19T14:42:49","modified_gmt":"2026-02-19T13:42:49","slug":"vacaciones-de-verano-de-2025","status":"publish","type":"post","link":"https:\/\/farell-i.com\/es\/vacaciones-de-verano-de-2025\/","title":{"rendered":"Vacaciones de verano de 2025"},"content":{"rendered":"<p style=\"font-weight: 400;\">Nuestras oficinas permanecer\u00e1n cerradas, y no se podr\u00e1n recibir y mandar pedidos, durante el periodo del 9 al 24 de agosto de 2025.<\/p>\n<p style=\"font-weight: 400;\">En caso de alguna urgencia, pueden ponerse en contacto con el tel\u00e9fono 678 490 145 o con el tel\u00e9fono de asistencia t\u00e9cnica 627 978 758.<\/p>\n","protected":false},"excerpt":{"rendered":"<p>Nuestra empresa permanecer\u00e1 cerrada por vacaciones del 10 al 25 de agosto de 2024.<\/p>\n","protected":false},"author":1,"featured_media":1733,"comment_status":"closed","ping_status":"closed","sticky":false,"template":"","format":"standard","meta":{"footnotes":""},"categories":[24],"tags":[],"class_list":["post-5314","post","type-post","status-publish","format-standard","has-post-thumbnail","hentry","category-actualidad"],"_links":{"self":[{"href":"https:\/\/farell-i.com\/es\/wp-json\/wp\/v2\/posts\/5314","targetHints":{"allow":["GET"]}}],"collection":[{"href":"https:\/\/farell-i.com\/es\/wp-json\/wp\/v2\/posts"}],"about":[{"href":"https:\/\/farell-i.com\/es\/wp-json\/wp\/v2\/types\/post"}],"author":[{"embeddable":true,"href":"https:\/\/farell-i.com\/es\/wp-json\/wp\/v2\/users\/1"}],"replies":[{"embeddable":true,"href":"https:\/\/farell-i.com\/es\/wp-json\/wp\/v2\/comments?post=5314"}],"version-history":[{"count":1,"href":"https:\/\/farell-i.com\/es\/wp-json\/wp\/v2\/posts\/5314\/revisions"}],"predecessor-version":[{"id":5317,"href":"https:\/\/farell-i.com\/es\/wp-json\/wp\/v2\/posts\/5314\/revisions\/5317"}],"wp:featuredmedia":[{"embeddable":true,"href":"https:\/\/farell-i.com\/es\/wp-json\/wp\/v2\/media\/1733"}],"wp:attachment":[{"href":"https:\/\/farell-i.com\/es\/wp-json\/wp\/v2\/media?parent=5314"}],"wp:term":[{"taxonomy":"category","embeddable":true,"href":"https:\/\/farell-i.com\/es\/wp-json\/wp\/v2\/categories?post=5314"},{"taxonomy":"post_tag","embeddable":true,"href":"https:\/\/farell-i.com\/es\/wp-json\/wp\/v2\/tags?post=5314"}],"curies":[{"name":"wp","href":"https:\/\/api.w.org\/{rel}","templated":true}]}}