{"id":3746,"date":"2024-11-07T15:32:07","date_gmt":"2024-11-07T14:32:07","guid":{"rendered":"https:\/\/farell-i.com\/jornada-cronica-del-regadio\/"},"modified":"2024-11-07T15:32:07","modified_gmt":"2024-11-07T14:32:07","slug":"jornada-cronica-del-regadio","status":"publish","type":"post","link":"https:\/\/farell-i.com\/es\/jornada-cronica-del-regadio\/","title":{"rendered":"Jornada \u201cCr\u00f3nica del Regad\u00edo\u201d"},"content":{"rendered":"<p style=\"font-weight: 400;\">La jornada <b><strong>\u201cCr\u00f3nica del Regad\u00edo\u201d<\/strong><\/b>, organitzada por <b><strong>POR<\/strong><\/b>AGUA y celebrada en el municipio de Carri\u00f3n de los Condes, ha reunido este mi\u00e9rcoles a agricultores, t\u00e9cnicos y expertos del sector h\u00eddrico y agrario para analizar los retos y las oportunidades que enfrenta el regad\u00edo en Espa\u00f1a. Con un enfoque en la sostenibilidad, la innovaci\u00f3n tecnol\u00f3gica y la adaptaci\u00f3n a los cambios clim\u00e1ticos, el evento busc\u00f3 proporcionar una plataforma de intercambio de conocimientos y experiencias. <\/p>\n<p style=\"font-weight: 400;\">La jornada comenz\u00f3 con una presentaci\u00f3n de apertura a cargo de representantes de la administraci\u00f3n local y regional, quienes destacaron la importancia de la gesti\u00f3n eficiente del agua en una comunidad agr\u00edcola. A continuaci\u00f3n, se llevaron a cabo varias mesas redondas en las que se abordaron temas clave como la modernizaci\u00f3n de infraestructuras de riego, la eficiencia energ\u00e9tica y las alternativas tecnol\u00f3gicas para optimizar el uso del recurso h\u00eddrico. <\/p>\n<p style=\"font-weight: 400;\">Durante el evento, tambi\u00e9n se plantearon los desaf\u00edos clim\u00e1ticos que afectan a la regi\u00f3n y c\u00f3mo la escasez de agua obliga a un cambio en los sistemas de cultivo tradicionales. Expertos en meteorolog\u00eda agr\u00edcola compartieron previsiones sobre c\u00f3mo el cambio clim\u00e1tico impactar\u00e1 en las temporadas de siembra y en las necesidades h\u00eddricas, lo cual gener\u00f3 un debate sobre la necesidad de estrategias adaptativas y pol\u00edticas de apoyo para los agricultores. <\/p>\n<p style=\"font-weight: 400;\">Al final de la jornada, los asistentes participaron en una mesa de di\u00e1logo donde se intercambiaron ideas sobre la gesti\u00f3n conjunta de los recursos h\u00eddricos y se enfatiz\u00f3 en la colaboraci\u00f3n entre las administraciones, los agricultores y las organizaciones sectoriales para enfrentar los desaf\u00edos del regad\u00edo. La jornada concluy\u00f3 con un compromiso colectivo de buscar soluciones innovadoras y sostenibles para asegurar el futuro del regad\u00edo en la regi\u00f3n. <\/p>\n<p style=\"font-weight: 400;\"><b><strong>\u201cCr\u00f3nica del Regad\u00edo\u201d <\/strong><\/b>cerr\u00f3 con un balance positivo y dej\u00f3 un mensaje claro: el regad\u00edo es un motor esencial para el desarrollo rural, y adaptarlo a los tiempos actuales requiere cooperaci\u00f3n, innovaci\u00f3n y pol\u00edticas p\u00fablicas comprometidas con el medio ambiente.<\/p>\n","protected":false},"excerpt":{"rendered":"<p>PORAGUA re\u00fane a agricultores y expertos en Carri\u00f3n de los Condes en la jornada &#8220;Cr\u00f3nica del Regad\u00edo&#8221;, para debatir sobre el futuro del agua en el sector agr\u00edcola.<\/p>\n","protected":false},"author":1,"featured_media":3742,"comment_status":"closed","ping_status":"closed","sticky":false,"template":"","format":"standard","meta":{"footnotes":""},"categories":[24],"tags":[],"class_list":["post-3746","post","type-post","status-publish","format-standard","has-post-thumbnail","hentry","category-actualidad"],"_links":{"self":[{"href":"https:\/\/farell-i.com\/es\/wp-json\/wp\/v2\/posts\/3746","targetHints":{"allow":["GET"]}}],"collection":[{"href":"https:\/\/farell-i.com\/es\/wp-json\/wp\/v2\/posts"}],"about":[{"href":"https:\/\/farell-i.com\/es\/wp-json\/wp\/v2\/types\/post"}],"author":[{"embeddable":true,"href":"https:\/\/farell-i.com\/es\/wp-json\/wp\/v2\/users\/1"}],"replies":[{"embeddable":true,"href":"https:\/\/farell-i.com\/es\/wp-json\/wp\/v2\/comments?post=3746"}],"version-history":[{"count":0,"href":"https:\/\/farell-i.com\/es\/wp-json\/wp\/v2\/posts\/3746\/revisions"}],"wp:featuredmedia":[{"embeddable":true,"href":"https:\/\/farell-i.com\/es\/wp-json\/wp\/v2\/media\/3742"}],"wp:attachment":[{"href":"https:\/\/farell-i.com\/es\/wp-json\/wp\/v2\/media?parent=3746"}],"wp:term":[{"taxonomy":"category","embeddable":true,"href":"https:\/\/farell-i.com\/es\/wp-json\/wp\/v2\/categories?post=3746"},{"taxonomy":"post_tag","embeddable":true,"href":"https:\/\/farell-i.com\/es\/wp-json\/wp\/v2\/tags?post=3746"}],"curies":[{"name":"wp","href":"https:\/\/api.w.org\/{rel}","templated":true}]}}