{"id":1910,"date":"2024-02-02T09:14:14","date_gmt":"2024-02-02T08:14:14","guid":{"rendered":"https:\/\/devel.farell-i.com\/?p=1910"},"modified":"2024-10-16T12:45:53","modified_gmt":"2024-10-16T10:45:53","slug":"fima-2024-celebra-60-anos","status":"publish","type":"post","link":"https:\/\/farell-i.com\/es\/fima-2024-celebra-60-anos\/","title":{"rendered":"FIMA 2024 celebra 60 a\u00f1os"},"content":{"rendered":"<p style=\"font-weight: 400;\">FIMA est\u00e1 lista para marcar un hito en el calendario agr\u00edcola con su esperado certamen bienal en Feria de Zaragoza. Este evento emblem\u00e1tico se destaca como el epicentro de transformaci\u00f3n y progreso para la agricultura mundial, impulsando la innovaci\u00f3n, la tecnolog\u00eda y la sostenibilidad. <\/p>\n<p style=\"font-weight: 400;\">La edici\u00f3n 2024 de FIMA est\u00e1 preparada para conmemorar su 60 aniversario. Este evento exhibir\u00e1 a m\u00e1s de 1300 marcas expositoras procedentes de 38 pa\u00edses, ocupando un espacio de exposici\u00f3n que supera los 100.000 metros cuadrados. Este encuentro masivo se erige como el punto de encuentro para l\u00edderes del sector agr\u00edcola, donde se exhibir\u00e1n las \u00faltimas tecnolog\u00edas y soluciones que liderar\u00e1n el futuro de la agricultura.  <\/p>\n<p style=\"font-weight: 400;\">Adem\u00e1s de la destacada exhibici\u00f3n de maquinaria agr\u00edcola de vanguardia, FIMA ofrecer\u00e1 un espacio dedicado al intercambio de conocimientos. Las Jornadas T\u00e9cnicas, presentadas por expertos l\u00edderes en la industria, brindar\u00e1n charlas magistrales y debates sobre los desaf\u00edos y oportunidades actuales. El compromiso de FIMA de honrar a empresas, agricultores y alianzas estrat\u00e9gicas refleja su papel crucial, atrayendo la atenci\u00f3n internacional. Destacable es el programa que recibir\u00e1 a ejecutivos internacionales, ofreciendo una oportunidad invaluable de networking para las marcas participantes.   <\/p>\n<p style=\"font-weight: 400;\">FIMA contar\u00e1 tambi\u00e9n con un espacio multidisciplinar en el que se hablar\u00e1 de desarrollo tecnol\u00f3gico, programas y talento, d\u00f3nde participaran universidades, centros de formaci\u00f3n, asociaciones y start ups.<\/p>\n<p style=\"font-weight: 400;\">El Concurso de Novedades T\u00e9cnicas y el prestigioso Premio Excelencia ser\u00e1n puntos \u00e1lgidos, destacando la creatividad y el desarrollo tecnol\u00f3gico en la agricultura. La emocionante Gala FIMA, que tendr\u00e1 lugar en el Palacio de Congresos de Zaragoza, promete ser un evento inolvidable, reuniendo a l\u00edderes y visionarios en un ambiente de celebraci\u00f3n y reconocimiento. <\/p>\n<p style=\"font-weight: 400;\">FIMA 2024 se orienta hacia el futuro resaltando especialmente la participaci\u00f3n de j\u00f3venes agricultores y agroinfluencers, reconociendo su papel fundamental en la evoluci\u00f3n de la agricultura moderna, con eventos dise\u00f1ados especialmente para sus necesidades y aspiraciones.<\/p>\n<p style=\"font-weight: 400;\">Adem\u00e1s, FIMA cuenta con una aplicaci\u00f3n oficial del certamen que ofrece una plataforma interactiva para acceder a informaci\u00f3n en tiempo real sobre eventos, jornadas, expositores y novedades.<\/p>\n<p style=\"font-weight: 400;\">FIMA 2024 es un evento imperdible para aquellos comprometidos con la evoluci\u00f3n sostenible de la agricultura, promoviendo la colaboraci\u00f3n, la innovaci\u00f3n y la visi\u00f3n hacia un futuro pr\u00f3spero y responsable. Del 13 al 17 de febrero en Feria de Zaragoza. <\/p>\n","protected":false},"excerpt":{"rendered":"<p>La Feria Internacional de Maquinaria Agr\u00edcola conmemora su 60 aniversario reuniendo a m\u00e1s de 1300 marcas de 38 pa\u00edses.<\/p>\n","protected":false},"author":1,"featured_media":1907,"comment_status":"closed","ping_status":"closed","sticky":false,"template":"","format":"standard","meta":{"footnotes":""},"categories":[24],"tags":[],"class_list":["post-1910","post","type-post","status-publish","format-standard","has-post-thumbnail","hentry","category-actualidad"],"_links":{"self":[{"href":"https:\/\/farell-i.com\/es\/wp-json\/wp\/v2\/posts\/1910","targetHints":{"allow":["GET"]}}],"collection":[{"href":"https:\/\/farell-i.com\/es\/wp-json\/wp\/v2\/posts"}],"about":[{"href":"https:\/\/farell-i.com\/es\/wp-json\/wp\/v2\/types\/post"}],"author":[{"embeddable":true,"href":"https:\/\/farell-i.com\/es\/wp-json\/wp\/v2\/users\/1"}],"replies":[{"embeddable":true,"href":"https:\/\/farell-i.com\/es\/wp-json\/wp\/v2\/comments?post=1910"}],"version-history":[{"count":1,"href":"https:\/\/farell-i.com\/es\/wp-json\/wp\/v2\/posts\/1910\/revisions"}],"predecessor-version":[{"id":2244,"href":"https:\/\/farell-i.com\/es\/wp-json\/wp\/v2\/posts\/1910\/revisions\/2244"}],"wp:featuredmedia":[{"embeddable":true,"href":"https:\/\/farell-i.com\/es\/wp-json\/wp\/v2\/media\/1907"}],"wp:attachment":[{"href":"https:\/\/farell-i.com\/es\/wp-json\/wp\/v2\/media?parent=1910"}],"wp:term":[{"taxonomy":"category","embeddable":true,"href":"https:\/\/farell-i.com\/es\/wp-json\/wp\/v2\/categories?post=1910"},{"taxonomy":"post_tag","embeddable":true,"href":"https:\/\/farell-i.com\/es\/wp-json\/wp\/v2\/tags?post=1910"}],"curies":[{"name":"wp","href":"https:\/\/api.w.org\/{rel}","templated":true}]}}