{"id":1872,"date":"2024-03-22T13:33:40","date_gmt":"2024-03-22T12:33:40","guid":{"rendered":"https:\/\/devel.farell-i.com\/?p=1872"},"modified":"2024-10-16T12:45:07","modified_gmt":"2024-10-16T10:45:07","slug":"dia-mundial-del-agua","status":"publish","type":"post","link":"https:\/\/farell-i.com\/es\/dia-mundial-del-agua\/","title":{"rendered":"D\u00eda Mundial del Agua"},"content":{"rendered":"<p style=\"font-weight: 400;\">El <b><strong>D\u00eda Mundial del Agua<\/strong><\/b> es una jornada internacional de concienciaci\u00f3n que se celebra anualmente el 22 de marzo desde 1993, establecida por la <b><strong>Asamblea General de las Naciones Unidas<\/strong><\/b> (<b><strong>AGNU<\/strong><\/b>) el 22 de diciembre de 1992.<\/p>\n<p style=\"font-weight: 400;\">El origen del <b><strong>D\u00eda Mundial del Agua<\/strong><\/b> se remonta a la <b><strong>Conferencia de Naciones Unidas sobre el Medio Ambiente y el Desarrollo<\/strong><\/b>, conocida tambi\u00e9n como la Cumbre de la Tierra, celebrada en R\u00edo de Janeiro en 1992. Fue durante este evento que la <b><strong>AGNU<\/strong><\/b> adopt\u00f3 la resoluci\u00f3n de instaurar una jornada dedicada a enfatizar la importancia del agua dulce.1 Esta iniciativa ten\u00eda como finalidad sensibilizar acerca de la <b><strong>gesti\u00f3n sostenible de los recursos h\u00eddricos <\/strong><\/b>y destacar el papel vital del agua en el desarrollo sostenible, abordando la crisis h\u00eddrica y apoyando la consecuci\u00f3n del <b><strong>Objetivo de Desarrollo Sostenible 6<\/strong><\/b>: garantizar el acceso al agua y al saneamiento para todos de aqu\u00ed al 2030.  <\/p>\n<p style=\"font-weight: 400;\">La fuerte apuesta de <b><strong>FARELL INSTRUMENTS<\/strong><\/b> para dise\u00f1ar y fabricar tecnolog\u00eda capaz de aportar soluciones que permitan el aprovechamiento de este <b><strong>recurso esencial de la naturaleza<\/strong><\/b>, para <b><strong>aumentar la eficiencia de su consumo y minimizar el impacto sobre \u00e9ste<\/strong><\/b>.<\/p>\n","protected":false},"excerpt":{"rendered":"<p>En el D\u00eda Mundial del Agua, en FARELL INSTRUMENTS seguimos invirtiendo en innovaci\u00f3n que permita el aprovechamiento de este recurso esencial para la naturaleza.<\/p>\n","protected":false},"author":1,"featured_media":1868,"comment_status":"closed","ping_status":"closed","sticky":false,"template":"","format":"standard","meta":{"footnotes":""},"categories":[24],"tags":[],"class_list":["post-1872","post","type-post","status-publish","format-standard","has-post-thumbnail","hentry","category-actualidad"],"_links":{"self":[{"href":"https:\/\/farell-i.com\/es\/wp-json\/wp\/v2\/posts\/1872","targetHints":{"allow":["GET"]}}],"collection":[{"href":"https:\/\/farell-i.com\/es\/wp-json\/wp\/v2\/posts"}],"about":[{"href":"https:\/\/farell-i.com\/es\/wp-json\/wp\/v2\/types\/post"}],"author":[{"embeddable":true,"href":"https:\/\/farell-i.com\/es\/wp-json\/wp\/v2\/users\/1"}],"replies":[{"embeddable":true,"href":"https:\/\/farell-i.com\/es\/wp-json\/wp\/v2\/comments?post=1872"}],"version-history":[{"count":1,"href":"https:\/\/farell-i.com\/es\/wp-json\/wp\/v2\/posts\/1872\/revisions"}],"predecessor-version":[{"id":2234,"href":"https:\/\/farell-i.com\/es\/wp-json\/wp\/v2\/posts\/1872\/revisions\/2234"}],"wp:featuredmedia":[{"embeddable":true,"href":"https:\/\/farell-i.com\/es\/wp-json\/wp\/v2\/media\/1868"}],"wp:attachment":[{"href":"https:\/\/farell-i.com\/es\/wp-json\/wp\/v2\/media?parent=1872"}],"wp:term":[{"taxonomy":"category","embeddable":true,"href":"https:\/\/farell-i.com\/es\/wp-json\/wp\/v2\/categories?post=1872"},{"taxonomy":"post_tag","embeddable":true,"href":"https:\/\/farell-i.com\/es\/wp-json\/wp\/v2\/tags?post=1872"}],"curies":[{"name":"wp","href":"https:\/\/api.w.org\/{rel}","templated":true}]}}